{"id":17100,"date":"2012-09-20T12:29:30","date_gmt":"2012-09-20T11:29:30","guid":{"rendered":"<p>Dans le cadre du d\u00e9veloppent d\u2019\u00e9changes culturels franco-br\u00e9siliens et de la promotion d\u2019artistes, l\u2019association Saudade Da Luz ouvre un magasin d\u2019artisanat d\u2019art en centre-ville. Saudade Da Luz, litt\u00e9ralement nostalgie de la lumi\u00e8re, est une associati"},"modified":"2012-09-20T12:29:30","modified_gmt":"2012-09-20T11:29:30","slug":"quand-le-bresil-pose-ses-valises-a-boussac-3","status":"publish","type":"presse","link":"https:\/\/saudadedaluz.fr\/br\/presse\/quand-le-bresil-pose-ses-valises-a-boussac-3\/","title":{"rendered":"Quand le Br\u00e9sil pose ses valises \u00e0 Boussac"},"content":{"rendered":"<p>Dans le cadre du d\u00e9veloppent d\u2019\u00e9changes culturels franco-br\u00e9siliens et de la promotion d\u2019artistes, l\u2019association Saudade Da Luz ouvre un magasin d\u2019artisanat d\u2019art en centre-ville. Saudade Da Luz, litt\u00e9ralement nostalgie de la lumi\u00e8re, est une association cr\u00e9\u00e9e en 2005 par des artistes br\u00e9siliens et fran\u00e7ais, notamment Nara Lisb\u00f4a et son compagnon fran\u00e7ais Bernard Brun, musiciens rencontr\u00e9s \u00e0 Paris.<a href=\"https:\/\/saudadedaluz.com\/wp-content\/blogs.dir\/3\/files\/sites\/3\/2016\/06\/Saudade.da_.Luz-Echo.Du_.Berry_.20.09.2012.jpg\"><img loading=\"lazy\" decoding=\"async\" class=\"aligncenter wp-image-17101 size-full\" src=\"https:\/\/saudadedaluz.com\/wp-content\/blogs.dir\/3\/files\/sites\/3\/2016\/06\/Saudade.da_.Luz-Echo.Du_.Berry_.20.09.2012.jpg\" alt=\"Saudade.da.Luz-Echo.Du.Berry.20.09.2012\" width=\"1007\" height=\"1024\" srcset=\"https:\/\/saudadedaluz.fr\/wp-content\/uploads\/sites\/10\/sites\/10\/2016\/06\/Saudade.da_.Luz-Echo.Du_.Berry_.20.09.2012.jpg 1007w, https:\/\/saudadedaluz.fr\/wp-content\/uploads\/sites\/10\/sites\/10\/2016\/06\/Saudade.da_.Luz-Echo.Du_.Berry_.20.09.2012-295x300.jpg 295w, https:\/\/saudadedaluz.fr\/wp-content\/uploads\/sites\/10\/sites\/10\/2016\/06\/Saudade.da_.Luz-Echo.Du_.Berry_.20.09.2012-768x781.jpg 768w, https:\/\/saudadedaluz.fr\/wp-content\/uploads\/sites\/10\/sites\/10\/2016\/06\/Saudade.da_.Luz-Echo.Du_.Berry_.20.09.2012-24x24.jpg 24w, https:\/\/saudadedaluz.fr\/wp-content\/uploads\/sites\/10\/sites\/10\/2016\/06\/Saudade.da_.Luz-Echo.Du_.Berry_.20.09.2012-36x36.jpg 36w, https:\/\/saudadedaluz.fr\/wp-content\/uploads\/sites\/10\/sites\/10\/2016\/06\/Saudade.da_.Luz-Echo.Du_.Berry_.20.09.2012-48x48.jpg 48w, https:\/\/saudadedaluz.fr\/wp-content\/uploads\/sites\/10\/sites\/10\/2016\/06\/Saudade.da_.Luz-Echo.Du_.Berry_.20.09.2012-764x777.jpg 764w\" sizes=\"auto, (max-width: 1007px) 100vw, 1007px\" \/><\/a><\/p>","protected":false},"featured_media":17101,"template":"","class_list":["post-17100","presse","type-presse","status-publish","has-post-thumbnail","hentry"],"_links":{"self":[{"href":"https:\/\/saudadedaluz.fr\/br\/wp-json\/wp\/v2\/presse\/17100","targetHints":{"allow":["GET"]}}],"collection":[{"href":"https:\/\/saudadedaluz.fr\/br\/wp-json\/wp\/v2\/presse"}],"about":[{"href":"https:\/\/saudadedaluz.fr\/br\/wp-json\/wp\/v2\/types\/presse"}],"wp:featuredmedia":[{"embeddable":true,"href":"https:\/\/saudadedaluz.fr\/br\/wp-json\/wp\/v2\/media\/17101"}],"wp:attachment":[{"href":"https:\/\/saudadedaluz.fr\/br\/wp-json\/wp\/v2\/media?parent=17100"}],"curies":[{"name":"wp","href":"https:\/\/api.w.org\/{rel}","templated":true}]}}