{"id":17107,"date":"2012-09-16T12:37:57","date_gmt":"2012-09-16T11:37:57","guid":{"rendered":"<p>L\u2019association Saudade da Luz inaugure son pied \u00e0 terre, un espace de cr\u00e9ations et de rencontres. Bernard BRun, musicien est un passionn\u00e9 de beaucoup de choses mais surtout du Br\u00e9sil.Rentr\u00e9 dans la musique br\u00e9silienne dans les ann\u00e9es 1990, il rencontre "},"modified":"2012-09-16T12:37:57","modified_gmt":"2012-09-16T11:37:57","slug":"saudade-da-luz-une-note-bresilienne-un-ilot-bresilien-dans-le-pays-creusois","status":"publish","type":"presse","link":"https:\/\/saudadedaluz.fr\/br\/presse\/saudade-da-luz-une-note-bresilienne-un-ilot-bresilien-dans-le-pays-creusois\/","title":{"rendered":"Saudade da Luz une note br\u00e9silienne \u2013 Un il\u00f4t br\u00e9silien dans le pays creusois"},"content":{"rendered":"<p>L\u2019association Saudade da Luz inaugure son pied \u00e0 terre, un espace de cr\u00e9ations et de rencontres. Bernard BRun, musicien est un passionn\u00e9 de beaucoup de choses mais surtout du Br\u00e9sil.Rentr\u00e9 dans la musique br\u00e9silienne dans les ann\u00e9es 1990, il rencontre la chanteuse et styliste br\u00e9silienne Nara Lisb\u00f4a \u00e0 Paris, en 2004. Nara Lisb\u00f4a c\u2019est d\u2019abord une voix, ample, relev\u00e9e,en fran\u00e7ais, d\u2019un accent charmant. L\u2019un comme l\u2019autre incarne la chaleur humaine et l\u2019ouverture d\u2019esprit.<br \/>D\u2019abord uni par la musique, le couple d\u00e9cide d\u00e8s l\u2019ann\u00e9e suivante, de pousser la d\u00e9marche plus loin. L\u2019association Saudade da Luz est le fruit de cette rencontre. un fruit franco-br\u00e9silien, naturellement.<\/p>\n<p><a href=\"https:\/\/saudadedaluz.com\/wp-content\/blogs.dir\/3\/files\/sites\/3\/2016\/06\/Couv.jpg\"><img loading=\"lazy\" decoding=\"async\" class=\"aligncenter wp-image-17108 size-full\" src=\"https:\/\/saudadedaluz.com\/wp-content\/blogs.dir\/3\/files\/sites\/3\/2016\/06\/Couv.jpg\" alt=\"Couv\" width=\"1024\" height=\"861\" srcset=\"https:\/\/saudadedaluz.fr\/wp-content\/uploads\/sites\/10\/sites\/10\/2016\/06\/Couv.jpg 1024w, https:\/\/saudadedaluz.fr\/wp-content\/uploads\/sites\/10\/sites\/10\/2016\/06\/Couv-300x252.jpg 300w, https:\/\/saudadedaluz.fr\/wp-content\/uploads\/sites\/10\/sites\/10\/2016\/06\/Couv-768x646.jpg 768w, https:\/\/saudadedaluz.fr\/wp-content\/uploads\/sites\/10\/sites\/10\/2016\/06\/Couv-24x20.jpg 24w, https:\/\/saudadedaluz.fr\/wp-content\/uploads\/sites\/10\/sites\/10\/2016\/06\/Couv-36x30.jpg 36w, https:\/\/saudadedaluz.fr\/wp-content\/uploads\/sites\/10\/sites\/10\/2016\/06\/Couv-48x40.jpg 48w, https:\/\/saudadedaluz.fr\/wp-content\/uploads\/sites\/10\/sites\/10\/2016\/06\/Couv-924x777.jpg 924w\" sizes=\"auto, (max-width: 1024px) 100vw, 1024px\" \/><\/a><\/p>\n<p><a href=\"https:\/\/saudadedaluz.com\/wp-content\/blogs.dir\/3\/files\/sites\/3\/2016\/06\/Article.jpg\"><img loading=\"lazy\" decoding=\"async\" class=\"aligncenter wp-image-17109 size-full\" src=\"https:\/\/saudadedaluz.com\/wp-content\/blogs.dir\/3\/files\/sites\/3\/2016\/06\/Article.jpg\" alt=\"Article\" width=\"843\" height=\"1024\" srcset=\"https:\/\/saudadedaluz.fr\/wp-content\/uploads\/sites\/10\/sites\/10\/2016\/06\/Article.jpg 843w, https:\/\/saudadedaluz.fr\/wp-content\/uploads\/sites\/10\/sites\/10\/2016\/06\/Article-247x300.jpg 247w, https:\/\/saudadedaluz.fr\/wp-content\/uploads\/sites\/10\/sites\/10\/2016\/06\/Article-768x933.jpg 768w, https:\/\/saudadedaluz.fr\/wp-content\/uploads\/sites\/10\/sites\/10\/2016\/06\/Article-20x24.jpg 20w, https:\/\/saudadedaluz.fr\/wp-content\/uploads\/sites\/10\/sites\/10\/2016\/06\/Article-30x36.jpg 30w, https:\/\/saudadedaluz.fr\/wp-content\/uploads\/sites\/10\/sites\/10\/2016\/06\/Article-40x48.jpg 40w\" sizes=\"auto, (max-width: 843px) 100vw, 843px\" \/><\/a><\/p>","protected":false},"featured_media":17108,"template":"","class_list":["post-17107","presse","type-presse","status-publish","has-post-thumbnail","hentry"],"_links":{"self":[{"href":"https:\/\/saudadedaluz.fr\/br\/wp-json\/wp\/v2\/presse\/17107","targetHints":{"allow":["GET"]}}],"collection":[{"href":"https:\/\/saudadedaluz.fr\/br\/wp-json\/wp\/v2\/presse"}],"about":[{"href":"https:\/\/saudadedaluz.fr\/br\/wp-json\/wp\/v2\/types\/presse"}],"wp:featuredmedia":[{"embeddable":true,"href":"https:\/\/saudadedaluz.fr\/br\/wp-json\/wp\/v2\/media\/17108"}],"wp:attachment":[{"href":"https:\/\/saudadedaluz.fr\/br\/wp-json\/wp\/v2\/media?parent=17107"}],"curies":[{"name":"wp","href":"https:\/\/api.w.org\/{rel}","templated":true}]}}